{"id":19734,"date":"2016-06-21T09:29:34","date_gmt":"2016-06-21T07:29:34","guid":{"rendered":"https:\/\/www.lasoufflerie.com\/2016\/06\/21\/guten-tag-soufflerie\/"},"modified":"2024-05-27T10:50:46","modified_gmt":"2024-05-27T08:50:46","slug":"guten-tag-soufflerie","status":"publish","type":"post","link":"https:\/\/www.lasoufflerie.com\/fr\/2016\/06\/21\/guten-tag-soufflerie\/","title":{"rendered":"Guten Tag, La Soufflerie !"},"content":{"rendered":"<h2>Handblown in Berlin&rsquo;s Voo Store<\/h2>\n<h3>Our glass lands in stylish Berlin concept store<\/h3>\n<p>The first La Soufflerie retail point in Germany is a moment to be celebrated; Warsteiner all round!\u00a0 Expanding into a new country is an exciting venture for us &amp; for our talented glassblower partners. This is a celebration that seems to be happening more &amp; more frequently these days. Prost!<\/p>\n<p>The variety of Voo Store\u2019s wares is remarkable. Alongside clothing for men and women, this carefully curated concept store boasts an elite selection of books, candles, and now our stunning handblown glass. I have a lot of respect for the balance created between minimalism, quirky detail, and impeccable design; this really resonates with our look.<\/p>\n<p>Which attractive models did this boutique select for their glass displays? Voo Store snapped up the last of our stock of famous head designs which have been responsible for creating a buzz online for the past few months.<\/p>\n<p>Many thanks again to Voo Store and the team for being\u00a0a pleasure to collaborate with. We hope your shoppers enjoy our original designs as much as we do.<\/p>\n<p>All these pieces are created individually by a traditionally trained glassblowing craftsman: once the molten glass reaches the desired temperature and texture, a small amount is inserted into our handcrafted \u201chead\u201d mould and manipulated by hand (and breath) so that it takes on the intricate head design crafted into the mould. We have: a rounded, bobbly \u201cDjamel Head\u201d; an elfin, chirpy \u201cVase T\u00eate\u201d; a well-coiffed, regal \u201cD\u00e9esse\u201d; a dainty \u201cJohnnas\u201d complete with miniature spout &amp; handle. Handblown Djamel Head and Vase T\u00eate are now relishing the thrills and spills of life in Germany.<\/p>\n<p><iframe id=\"instagram-embed-1\" class=\"instagram-media instagram-media-rendered\" style=\"background: #ffffff; border: 1px solid #dbdbdb; margin: 1px 1px 12px; max-width: 658px; width: calc(100% - 2px); border-radius: 4px; box-shadow: none; display: block; padding: 0px;\" src=\"https:\/\/www.instagram.com\/p\/BDdA6enydN8\/embed\/captioned\/?cr=1&amp;v=7&amp;wp=518#%7B%22ci%22%3A1%2C%22os%22%3A12007.355%7D\" width=\"300\" height=\"520\" frameborder=\"0\" scrolling=\"no\" data-instgrm-payload-id=\"instagram-media-payload-1\"><\/iframe><\/p>\n<div class=\"vc_custom_heading wpb_content_element\">\n<h2>Voo Store<\/h2>\n<\/div>\n<div class=\"wpb_text_column wpb_content_element  vc_custom_1466500819380\">\n<div class=\"wpb_wrapper\">\n<div class=\"column-contact\">\n<div class=\"dotted-border-bottom\">\n<div class=\"dotted-border-bottom\">\n<p class=\"centered\">Oranienstra\u00dfe 24, 10999 Berlin<br \/>\nGermany<br \/>\nMon\u2013Sat: 10am\u20138pm<\/p>\n<\/div>\n<\/div>\n<\/div>\n<\/div>\n<\/div>\n","protected":false},"excerpt":{"rendered":"<p>Handblown in Berlin&rsquo;s Voo Store Our glass lands in stylish Berlin concept store The first La Soufflerie retail point in Germany is a moment to be celebrated; Warsteiner all round!\u00a0 Expanding into a new country is an exciting venture for us &amp; for our talented glassblower partners. This is a celebration that seems to be [&hellip;]<\/p>\n","protected":false},"author":1,"featured_media":14706,"comment_status":"open","ping_status":"open","sticky":false,"template":"","format":"standard","meta":{"_acf_changed":false,"footnotes":""},"categories":[1359],"tags":[1540,1541,1497],"class_list":["post-19734","post","type-post","status-publish","format-standard","has-post-thumbnail","hentry","category-evenements-news","tag-allemagne-fr","tag-berlin-fr","tag-boutique-fr"],"acf":[],"yoast_head":"<!-- This site is optimized with the Yoast SEO plugin v27.3 - https:\/\/yoast.com\/product\/yoast-seo-wordpress\/ -->\n<title>Guten Tag, La Soufflerie ! - La Soufflerie<\/title>\n<meta name=\"robots\" content=\"index, follow, max-snippet:-1, max-image-preview:large, max-video-preview:-1\" \/>\n<link rel=\"canonical\" href=\"https:\/\/www.lasoufflerie.com\/fr\/2016\/06\/21\/guten-tag-soufflerie\/\" \/>\n<meta property=\"og:locale\" content=\"fr_FR\" \/>\n<meta property=\"og:type\" content=\"article\" \/>\n<meta property=\"og:title\" content=\"Guten Tag, La Soufflerie ! - La Soufflerie\" \/>\n<meta property=\"og:description\" content=\"Handblown in Berlin&rsquo;s Voo Store Our glass lands in stylish Berlin concept store The first La Soufflerie retail point in Germany is a moment to be celebrated; Warsteiner all round!\u00a0 Expanding into a new country is an exciting venture for us &amp; for our talented glassblower partners. This is a celebration that seems to be [&hellip;]\" \/>\n<meta property=\"og:url\" content=\"https:\/\/www.lasoufflerie.com\/fr\/2016\/06\/21\/guten-tag-soufflerie\/\" \/>\n<meta property=\"og:site_name\" content=\"La Soufflerie\" \/>\n<meta property=\"article:publisher\" content=\"https:\/\/facebook.com\/lasoufflerie\" \/>\n<meta property=\"article:published_time\" content=\"2016-06-21T07:29:34+00:00\" \/>\n<meta property=\"article:modified_time\" content=\"2024-05-27T08:50:46+00:00\" \/>\n<meta property=\"og:image\" content=\"https:\/\/www.lasoufflerie.com\/wp-content\/uploads\/2023\/12\/tete-a-fleurs-1.jpg\" \/>\n\t<meta property=\"og:image:width\" content=\"768\" \/>\n\t<meta property=\"og:image:height\" content=\"1024\" \/>\n\t<meta property=\"og:image:type\" content=\"image\/jpeg\" \/>\n<meta name=\"author\" content=\"rmzpth\" \/>\n<meta name=\"twitter:card\" content=\"summary_large_image\" \/>\n<meta name=\"twitter:creator\" content=\"@lasoufflerie\" \/>\n<meta name=\"twitter:site\" content=\"@lasoufflerie\" \/>\n<meta name=\"twitter:label1\" content=\"\u00c9crit par\" \/>\n\t<meta name=\"twitter:data1\" content=\"rmzpth\" \/>\n\t<meta name=\"twitter:label2\" content=\"Dur\u00e9e de lecture estim\u00e9e\" \/>\n\t<meta name=\"twitter:data2\" content=\"1 minute\" \/>\n<script type=\"application\/ld+json\" class=\"yoast-schema-graph\">{\"@context\":\"https:\\\/\\\/schema.org\",\"@graph\":[{\"@type\":\"Article\",\"@id\":\"https:\\\/\\\/www.lasoufflerie.com\\\/fr\\\/2016\\\/06\\\/21\\\/guten-tag-soufflerie\\\/#article\",\"isPartOf\":{\"@id\":\"https:\\\/\\\/www.lasoufflerie.com\\\/fr\\\/2016\\\/06\\\/21\\\/guten-tag-soufflerie\\\/\"},\"author\":{\"name\":\"rmzpth\",\"@id\":\"https:\\\/\\\/www.lasoufflerie.com\\\/fr\\\/#\\\/schema\\\/person\\\/8722b6d7e889c1a30a989cb2aded9feb\"},\"headline\":\"Guten Tag, La Soufflerie !\",\"datePublished\":\"2016-06-21T07:29:34+00:00\",\"dateModified\":\"2024-05-27T08:50:46+00:00\",\"mainEntityOfPage\":{\"@id\":\"https:\\\/\\\/www.lasoufflerie.com\\\/fr\\\/2016\\\/06\\\/21\\\/guten-tag-soufflerie\\\/\"},\"wordCount\":297,\"commentCount\":0,\"publisher\":{\"@id\":\"https:\\\/\\\/www.lasoufflerie.com\\\/fr\\\/#organization\"},\"image\":{\"@id\":\"https:\\\/\\\/www.lasoufflerie.com\\\/fr\\\/2016\\\/06\\\/21\\\/guten-tag-soufflerie\\\/#primaryimage\"},\"thumbnailUrl\":\"https:\\\/\\\/www.lasoufflerie.com\\\/wp-content\\\/uploads\\\/2023\\\/12\\\/tete-a-fleurs-1.jpg\",\"keywords\":[\"Allemagne\",\"Berlin\",\"boutique\"],\"articleSection\":[\"\u00c9v\u00e8nements\\\/News\"],\"inLanguage\":\"fr-FR\",\"potentialAction\":[{\"@type\":\"CommentAction\",\"name\":\"Comment\",\"target\":[\"https:\\\/\\\/www.lasoufflerie.com\\\/fr\\\/2016\\\/06\\\/21\\\/guten-tag-soufflerie\\\/#respond\"]}]},{\"@type\":\"WebPage\",\"@id\":\"https:\\\/\\\/www.lasoufflerie.com\\\/fr\\\/2016\\\/06\\\/21\\\/guten-tag-soufflerie\\\/\",\"url\":\"https:\\\/\\\/www.lasoufflerie.com\\\/fr\\\/2016\\\/06\\\/21\\\/guten-tag-soufflerie\\\/\",\"name\":\"Guten Tag, La Soufflerie ! - La Soufflerie\",\"isPartOf\":{\"@id\":\"https:\\\/\\\/www.lasoufflerie.com\\\/fr\\\/#website\"},\"primaryImageOfPage\":{\"@id\":\"https:\\\/\\\/www.lasoufflerie.com\\\/fr\\\/2016\\\/06\\\/21\\\/guten-tag-soufflerie\\\/#primaryimage\"},\"image\":{\"@id\":\"https:\\\/\\\/www.lasoufflerie.com\\\/fr\\\/2016\\\/06\\\/21\\\/guten-tag-soufflerie\\\/#primaryimage\"},\"thumbnailUrl\":\"https:\\\/\\\/www.lasoufflerie.com\\\/wp-content\\\/uploads\\\/2023\\\/12\\\/tete-a-fleurs-1.jpg\",\"datePublished\":\"2016-06-21T07:29:34+00:00\",\"dateModified\":\"2024-05-27T08:50:46+00:00\",\"breadcrumb\":{\"@id\":\"https:\\\/\\\/www.lasoufflerie.com\\\/fr\\\/2016\\\/06\\\/21\\\/guten-tag-soufflerie\\\/#breadcrumb\"},\"inLanguage\":\"fr-FR\",\"potentialAction\":[{\"@type\":\"ReadAction\",\"target\":[\"https:\\\/\\\/www.lasoufflerie.com\\\/fr\\\/2016\\\/06\\\/21\\\/guten-tag-soufflerie\\\/\"]}]},{\"@type\":\"ImageObject\",\"inLanguage\":\"fr-FR\",\"@id\":\"https:\\\/\\\/www.lasoufflerie.com\\\/fr\\\/2016\\\/06\\\/21\\\/guten-tag-soufflerie\\\/#primaryimage\",\"url\":\"https:\\\/\\\/www.lasoufflerie.com\\\/wp-content\\\/uploads\\\/2023\\\/12\\\/tete-a-fleurs-1.jpg\",\"contentUrl\":\"https:\\\/\\\/www.lasoufflerie.com\\\/wp-content\\\/uploads\\\/2023\\\/12\\\/tete-a-fleurs-1.jpg\",\"width\":768,\"height\":1024},{\"@type\":\"BreadcrumbList\",\"@id\":\"https:\\\/\\\/www.lasoufflerie.com\\\/fr\\\/2016\\\/06\\\/21\\\/guten-tag-soufflerie\\\/#breadcrumb\",\"itemListElement\":[{\"@type\":\"ListItem\",\"position\":1,\"name\":\"Home\",\"item\":\"https:\\\/\\\/www.lasoufflerie.com\\\/fr\\\/\"},{\"@type\":\"ListItem\",\"position\":2,\"name\":\"Guten Tag, La Soufflerie !\"}]},{\"@type\":\"WebSite\",\"@id\":\"https:\\\/\\\/www.lasoufflerie.com\\\/fr\\\/#website\",\"url\":\"https:\\\/\\\/www.lasoufflerie.com\\\/fr\\\/\",\"name\":\"La Soufflerie\",\"description\":\"Glass blowing craft\",\"publisher\":{\"@id\":\"https:\\\/\\\/www.lasoufflerie.com\\\/fr\\\/#organization\"},\"potentialAction\":[{\"@type\":\"SearchAction\",\"target\":{\"@type\":\"EntryPoint\",\"urlTemplate\":\"https:\\\/\\\/www.lasoufflerie.com\\\/fr\\\/?s={search_term_string}\"},\"query-input\":{\"@type\":\"PropertyValueSpecification\",\"valueRequired\":true,\"valueName\":\"search_term_string\"}}],\"inLanguage\":\"fr-FR\"},{\"@type\":\"Organization\",\"@id\":\"https:\\\/\\\/www.lasoufflerie.com\\\/fr\\\/#organization\",\"name\":\"La Soufflerie\",\"url\":\"https:\\\/\\\/www.lasoufflerie.com\\\/fr\\\/\",\"logo\":{\"@type\":\"ImageObject\",\"inLanguage\":\"fr-FR\",\"@id\":\"https:\\\/\\\/www.lasoufflerie.com\\\/fr\\\/#\\\/schema\\\/logo\\\/image\\\/\",\"url\":\"https:\\\/\\\/www.lasoufflerie.com\\\/wp-content\\\/uploads\\\/2023\\\/11\\\/Logo-La-Soufflerie-black.png\",\"contentUrl\":\"https:\\\/\\\/www.lasoufflerie.com\\\/wp-content\\\/uploads\\\/2023\\\/11\\\/Logo-La-Soufflerie-black.png\",\"width\":2362,\"height\":2362,\"caption\":\"La Soufflerie\"},\"image\":{\"@id\":\"https:\\\/\\\/www.lasoufflerie.com\\\/fr\\\/#\\\/schema\\\/logo\\\/image\\\/\"},\"sameAs\":[\"https:\\\/\\\/facebook.com\\\/lasoufflerie\",\"https:\\\/\\\/x.com\\\/lasoufflerie\",\"https:\\\/\\\/instagram.com\\\/lasoufflerie\",\"https:\\\/\\\/www.linkedin.com\\\/company\\\/9327780?trk=tyah&amp;amp;amp;trkInfo=clickedVertical:company,clickedEntityId:9327780,idx:2-1-2,tarId:1458824308330,tas:lasouff\",\"https:\\\/\\\/pinterest.com\\\/lasoufflerie\"]},{\"@type\":\"Person\",\"@id\":\"https:\\\/\\\/www.lasoufflerie.com\\\/fr\\\/#\\\/schema\\\/person\\\/8722b6d7e889c1a30a989cb2aded9feb\",\"name\":\"rmzpth\",\"image\":{\"@type\":\"ImageObject\",\"inLanguage\":\"fr-FR\",\"@id\":\"https:\\\/\\\/secure.gravatar.com\\\/avatar\\\/b01ad76239c9764038b8abad7cccd40ad5c49843ddbdeefd38be3591c21d07ce?s=96&d=mm&r=g\",\"url\":\"https:\\\/\\\/secure.gravatar.com\\\/avatar\\\/b01ad76239c9764038b8abad7cccd40ad5c49843ddbdeefd38be3591c21d07ce?s=96&d=mm&r=g\",\"contentUrl\":\"https:\\\/\\\/secure.gravatar.com\\\/avatar\\\/b01ad76239c9764038b8abad7cccd40ad5c49843ddbdeefd38be3591c21d07ce?s=96&d=mm&r=g\",\"caption\":\"rmzpth\"},\"sameAs\":[\"https:\\\/\\\/www.lasoufflerie.com\"],\"url\":\"https:\\\/\\\/www.lasoufflerie.com\\\/fr\\\/author\\\/rmzpth\\\/\"}]}<\/script>\n<!-- \/ Yoast SEO plugin. -->","yoast_head_json":{"title":"Guten Tag, La Soufflerie ! - La Soufflerie","robots":{"index":"index","follow":"follow","max-snippet":"max-snippet:-1","max-image-preview":"max-image-preview:large","max-video-preview":"max-video-preview:-1"},"canonical":"https:\/\/www.lasoufflerie.com\/fr\/2016\/06\/21\/guten-tag-soufflerie\/","og_locale":"fr_FR","og_type":"article","og_title":"Guten Tag, La Soufflerie ! - La Soufflerie","og_description":"Handblown in Berlin&rsquo;s Voo Store Our glass lands in stylish Berlin concept store The first La Soufflerie retail point in Germany is a moment to be celebrated; Warsteiner all round!\u00a0 Expanding into a new country is an exciting venture for us &amp; for our talented glassblower partners. This is a celebration that seems to be [&hellip;]","og_url":"https:\/\/www.lasoufflerie.com\/fr\/2016\/06\/21\/guten-tag-soufflerie\/","og_site_name":"La Soufflerie","article_publisher":"https:\/\/facebook.com\/lasoufflerie","article_published_time":"2016-06-21T07:29:34+00:00","article_modified_time":"2024-05-27T08:50:46+00:00","og_image":[{"width":768,"height":1024,"url":"https:\/\/www.lasoufflerie.com\/wp-content\/uploads\/2023\/12\/tete-a-fleurs-1.jpg","type":"image\/jpeg"}],"author":"rmzpth","twitter_card":"summary_large_image","twitter_creator":"@lasoufflerie","twitter_site":"@lasoufflerie","twitter_misc":{"\u00c9crit par":"rmzpth","Dur\u00e9e de lecture estim\u00e9e":"1 minute"},"schema":{"@context":"https:\/\/schema.org","@graph":[{"@type":"Article","@id":"https:\/\/www.lasoufflerie.com\/fr\/2016\/06\/21\/guten-tag-soufflerie\/#article","isPartOf":{"@id":"https:\/\/www.lasoufflerie.com\/fr\/2016\/06\/21\/guten-tag-soufflerie\/"},"author":{"name":"rmzpth","@id":"https:\/\/www.lasoufflerie.com\/fr\/#\/schema\/person\/8722b6d7e889c1a30a989cb2aded9feb"},"headline":"Guten Tag, La Soufflerie !","datePublished":"2016-06-21T07:29:34+00:00","dateModified":"2024-05-27T08:50:46+00:00","mainEntityOfPage":{"@id":"https:\/\/www.lasoufflerie.com\/fr\/2016\/06\/21\/guten-tag-soufflerie\/"},"wordCount":297,"commentCount":0,"publisher":{"@id":"https:\/\/www.lasoufflerie.com\/fr\/#organization"},"image":{"@id":"https:\/\/www.lasoufflerie.com\/fr\/2016\/06\/21\/guten-tag-soufflerie\/#primaryimage"},"thumbnailUrl":"https:\/\/www.lasoufflerie.com\/wp-content\/uploads\/2023\/12\/tete-a-fleurs-1.jpg","keywords":["Allemagne","Berlin","boutique"],"articleSection":["\u00c9v\u00e8nements\/News"],"inLanguage":"fr-FR","potentialAction":[{"@type":"CommentAction","name":"Comment","target":["https:\/\/www.lasoufflerie.com\/fr\/2016\/06\/21\/guten-tag-soufflerie\/#respond"]}]},{"@type":"WebPage","@id":"https:\/\/www.lasoufflerie.com\/fr\/2016\/06\/21\/guten-tag-soufflerie\/","url":"https:\/\/www.lasoufflerie.com\/fr\/2016\/06\/21\/guten-tag-soufflerie\/","name":"Guten Tag, La Soufflerie ! - La Soufflerie","isPartOf":{"@id":"https:\/\/www.lasoufflerie.com\/fr\/#website"},"primaryImageOfPage":{"@id":"https:\/\/www.lasoufflerie.com\/fr\/2016\/06\/21\/guten-tag-soufflerie\/#primaryimage"},"image":{"@id":"https:\/\/www.lasoufflerie.com\/fr\/2016\/06\/21\/guten-tag-soufflerie\/#primaryimage"},"thumbnailUrl":"https:\/\/www.lasoufflerie.com\/wp-content\/uploads\/2023\/12\/tete-a-fleurs-1.jpg","datePublished":"2016-06-21T07:29:34+00:00","dateModified":"2024-05-27T08:50:46+00:00","breadcrumb":{"@id":"https:\/\/www.lasoufflerie.com\/fr\/2016\/06\/21\/guten-tag-soufflerie\/#breadcrumb"},"inLanguage":"fr-FR","potentialAction":[{"@type":"ReadAction","target":["https:\/\/www.lasoufflerie.com\/fr\/2016\/06\/21\/guten-tag-soufflerie\/"]}]},{"@type":"ImageObject","inLanguage":"fr-FR","@id":"https:\/\/www.lasoufflerie.com\/fr\/2016\/06\/21\/guten-tag-soufflerie\/#primaryimage","url":"https:\/\/www.lasoufflerie.com\/wp-content\/uploads\/2023\/12\/tete-a-fleurs-1.jpg","contentUrl":"https:\/\/www.lasoufflerie.com\/wp-content\/uploads\/2023\/12\/tete-a-fleurs-1.jpg","width":768,"height":1024},{"@type":"BreadcrumbList","@id":"https:\/\/www.lasoufflerie.com\/fr\/2016\/06\/21\/guten-tag-soufflerie\/#breadcrumb","itemListElement":[{"@type":"ListItem","position":1,"name":"Home","item":"https:\/\/www.lasoufflerie.com\/fr\/"},{"@type":"ListItem","position":2,"name":"Guten Tag, La Soufflerie !"}]},{"@type":"WebSite","@id":"https:\/\/www.lasoufflerie.com\/fr\/#website","url":"https:\/\/www.lasoufflerie.com\/fr\/","name":"La Soufflerie","description":"Glass blowing craft","publisher":{"@id":"https:\/\/www.lasoufflerie.com\/fr\/#organization"},"potentialAction":[{"@type":"SearchAction","target":{"@type":"EntryPoint","urlTemplate":"https:\/\/www.lasoufflerie.com\/fr\/?s={search_term_string}"},"query-input":{"@type":"PropertyValueSpecification","valueRequired":true,"valueName":"search_term_string"}}],"inLanguage":"fr-FR"},{"@type":"Organization","@id":"https:\/\/www.lasoufflerie.com\/fr\/#organization","name":"La Soufflerie","url":"https:\/\/www.lasoufflerie.com\/fr\/","logo":{"@type":"ImageObject","inLanguage":"fr-FR","@id":"https:\/\/www.lasoufflerie.com\/fr\/#\/schema\/logo\/image\/","url":"https:\/\/www.lasoufflerie.com\/wp-content\/uploads\/2023\/11\/Logo-La-Soufflerie-black.png","contentUrl":"https:\/\/www.lasoufflerie.com\/wp-content\/uploads\/2023\/11\/Logo-La-Soufflerie-black.png","width":2362,"height":2362,"caption":"La Soufflerie"},"image":{"@id":"https:\/\/www.lasoufflerie.com\/fr\/#\/schema\/logo\/image\/"},"sameAs":["https:\/\/facebook.com\/lasoufflerie","https:\/\/x.com\/lasoufflerie","https:\/\/instagram.com\/lasoufflerie","https:\/\/www.linkedin.com\/company\/9327780?trk=tyah&amp;amp;amp;trkInfo=clickedVertical:company,clickedEntityId:9327780,idx:2-1-2,tarId:1458824308330,tas:lasouff","https:\/\/pinterest.com\/lasoufflerie"]},{"@type":"Person","@id":"https:\/\/www.lasoufflerie.com\/fr\/#\/schema\/person\/8722b6d7e889c1a30a989cb2aded9feb","name":"rmzpth","image":{"@type":"ImageObject","inLanguage":"fr-FR","@id":"https:\/\/secure.gravatar.com\/avatar\/b01ad76239c9764038b8abad7cccd40ad5c49843ddbdeefd38be3591c21d07ce?s=96&d=mm&r=g","url":"https:\/\/secure.gravatar.com\/avatar\/b01ad76239c9764038b8abad7cccd40ad5c49843ddbdeefd38be3591c21d07ce?s=96&d=mm&r=g","contentUrl":"https:\/\/secure.gravatar.com\/avatar\/b01ad76239c9764038b8abad7cccd40ad5c49843ddbdeefd38be3591c21d07ce?s=96&d=mm&r=g","caption":"rmzpth"},"sameAs":["https:\/\/www.lasoufflerie.com"],"url":"https:\/\/www.lasoufflerie.com\/fr\/author\/rmzpth\/"}]}},"_links":{"self":[{"href":"https:\/\/www.lasoufflerie.com\/fr\/wp-json\/wp\/v2\/posts\/19734","targetHints":{"allow":["GET"]}}],"collection":[{"href":"https:\/\/www.lasoufflerie.com\/fr\/wp-json\/wp\/v2\/posts"}],"about":[{"href":"https:\/\/www.lasoufflerie.com\/fr\/wp-json\/wp\/v2\/types\/post"}],"author":[{"embeddable":true,"href":"https:\/\/www.lasoufflerie.com\/fr\/wp-json\/wp\/v2\/users\/1"}],"replies":[{"embeddable":true,"href":"https:\/\/www.lasoufflerie.com\/fr\/wp-json\/wp\/v2\/comments?post=19734"}],"version-history":[{"count":1,"href":"https:\/\/www.lasoufflerie.com\/fr\/wp-json\/wp\/v2\/posts\/19734\/revisions"}],"predecessor-version":[{"id":57456,"href":"https:\/\/www.lasoufflerie.com\/fr\/wp-json\/wp\/v2\/posts\/19734\/revisions\/57456"}],"wp:featuredmedia":[{"embeddable":true,"href":"https:\/\/www.lasoufflerie.com\/fr\/wp-json\/wp\/v2\/media\/14706"}],"wp:attachment":[{"href":"https:\/\/www.lasoufflerie.com\/fr\/wp-json\/wp\/v2\/media?parent=19734"}],"wp:term":[{"taxonomy":"category","embeddable":true,"href":"https:\/\/www.lasoufflerie.com\/fr\/wp-json\/wp\/v2\/categories?post=19734"},{"taxonomy":"post_tag","embeddable":true,"href":"https:\/\/www.lasoufflerie.com\/fr\/wp-json\/wp\/v2\/tags?post=19734"}],"curies":[{"name":"wp","href":"https:\/\/api.w.org\/{rel}","templated":true}]}}